{"id":5455,"date":"2026-09-02T08:01:43","date_gmt":"2026-09-02T06:01:43","guid":{"rendered":"https:\/\/www.lyceeretiers.bzh\/?p=5455"},"modified":"2026-09-02T08:01:43","modified_gmt":"2026-09-02T06:01:43","slug":"cest-la-rentree-pour-nos-eleves","status":"publish","type":"post","link":"https:\/\/www.lyceeretiers.bzh\/?p=5455","title":{"rendered":"C&rsquo;est la rentr\u00e9e pour nos \u00e9l\u00e8ves !"},"content":{"rendered":"<p class=\"isSelectedEnd\">C\u2019est la rentr\u00e9e au lyc\u00e9e La Mennais !<\/p>\n<p class=\"isSelectedEnd\">Ce mardi 1er septembre, nos 464 \u00e9l\u00e8ves, r\u00e9partis sur les trois niveaux du lyc\u00e9e, ont fait leur rentr\u00e9e \u00e0 La Mennais.<\/p>\n<p class=\"isSelectedEnd\">Apr\u00e8s l\u2019appel des \u00e9l\u00e8ves dans la cour par M. Th\u00e9ard, adjoint de direction, chacun a rejoint sa classe pour passer la matin\u00e9e avec son professeur principal. Un premier temps important pour se retrouver, faire connaissance et d\u00e9couvrir l\u2019organisation de cette nouvelle ann\u00e9e scolaire.<\/p>\n<p class=\"isSelectedEnd\">Avant de rejoindre la restauration, chaque \u00e9l\u00e8ve a profit\u00e9 d\u2019un pot d\u2019accueil offert par l\u2019APEL. Un grand merci aux parents b\u00e9n\u00e9voles pour leur pr\u00e9sence et leur investissement, ainsi qu\u2019\u00e0 l\u2019\u00e9quipe de vie scolaire qui a accompagn\u00e9 les jeunes lors de ce temps convivial.<\/p>\n<p class=\"isSelectedEnd\">\u00c0 l\u2019heure du d\u00e9jeuner, un menu sp\u00e9cial rentr\u00e9e les attendait : frites, poulet et merguez \u00e9taient au programme pour partager ce premier repas de l\u2019ann\u00e9e tous ensemble.<\/p>\n<p class=\"isSelectedEnd\">L\u2019apr\u00e8s-midi, place aux choses s\u00e9rieuses ! Les cours ont v\u00e9ritablement commenc\u00e9, selon l\u2019emploi du temps de chaque classe.<\/p>\n<p class=\"isSelectedEnd\">Une premi\u00e8re journ\u00e9e r\u00e9ussie sous le soleil, qui marque le d\u00e9but de l\u2019ann\u00e9e scolaire 2026-2027 !<\/p>\n<p>Tr\u00e8s belle ann\u00e9e scolaire \u00e0 toutes et \u00e0 tous !<\/p>\n<p><img fetchpriority=\"high\" decoding=\"async\" class=\"alignnone size-medium wp-image-5456\" src=\"https:\/\/www.lyceeretiers.bzh\/wp-content\/uploads\/2026\/09\/IMG_20260902_065935-225x300.jpg\" alt=\"\" width=\"225\" height=\"300\" srcset=\"https:\/\/www.lyceeretiers.bzh\/wp-content\/uploads\/2026\/09\/IMG_20260902_065935-225x300.jpg 225w, https:\/\/www.lyceeretiers.bzh\/wp-content\/uploads\/2026\/09\/IMG_20260902_065935-768x1024.jpg 768w, https:\/\/www.lyceeretiers.bzh\/wp-content\/uploads\/2026\/09\/IMG_20260902_065935-1152x1536.jpg 1152w, https:\/\/www.lyceeretiers.bzh\/wp-content\/uploads\/2026\/09\/IMG_20260902_065935.jpg 1536w\" sizes=\"(max-width: 225px) 100vw, 225px\" \/> <img decoding=\"async\" class=\"alignnone size-medium wp-image-5457\" src=\"https:\/\/www.lyceeretiers.bzh\/wp-content\/uploads\/2026\/09\/IMG_20260902_065919-225x300.jpg\" alt=\"\" width=\"225\" height=\"300\" srcset=\"https:\/\/www.lyceeretiers.bzh\/wp-content\/uploads\/2026\/09\/IMG_20260902_065919-225x300.jpg 225w, https:\/\/www.lyceeretiers.bzh\/wp-content\/uploads\/2026\/09\/IMG_20260902_065919-768x1024.jpg 768w, https:\/\/www.lyceeretiers.bzh\/wp-content\/uploads\/2026\/09\/IMG_20260902_065919-1152x1536.jpg 1152w, https:\/\/www.lyceeretiers.bzh\/wp-content\/uploads\/2026\/09\/IMG_20260902_065919.jpg 1536w\" sizes=\"(max-width: 225px) 100vw, 225px\" \/> <img decoding=\"async\" class=\"alignnone size-medium wp-image-5458\" src=\"https:\/\/www.lyceeretiers.bzh\/wp-content\/uploads\/2026\/09\/IMG_20260902_065906-300x225.jpg\" alt=\"\" width=\"300\" height=\"225\" srcset=\"https:\/\/www.lyceeretiers.bzh\/wp-content\/uploads\/2026\/09\/IMG_20260902_065906-300x225.jpg 300w, https:\/\/www.lyceeretiers.bzh\/wp-content\/uploads\/2026\/09\/IMG_20260902_065906-1024x768.jpg 1024w, https:\/\/www.lyceeretiers.bzh\/wp-content\/uploads\/2026\/09\/IMG_20260902_065906-768x576.jpg 768w, https:\/\/www.lyceeretiers.bzh\/wp-content\/uploads\/2026\/09\/IMG_20260902_065906-1536x1152.jpg 1536w, https:\/\/www.lyceeretiers.bzh\/wp-content\/uploads\/2026\/09\/IMG_20260902_065906.jpg 2048w\" sizes=\"(max-width: 300px) 100vw, 300px\" \/> <img loading=\"lazy\" decoding=\"async\" class=\"alignnone size-medium wp-image-5459\" src=\"https:\/\/www.lyceeretiers.bzh\/wp-content\/uploads\/2026\/09\/IMG_20260902_065902-300x225.jpg\" alt=\"\" width=\"300\" height=\"225\" srcset=\"https:\/\/www.lyceeretiers.bzh\/wp-content\/uploads\/2026\/09\/IMG_20260902_065902-300x225.jpg 300w, https:\/\/www.lyceeretiers.bzh\/wp-content\/uploads\/2026\/09\/IMG_20260902_065902-1024x768.jpg 1024w, https:\/\/www.lyceeretiers.bzh\/wp-content\/uploads\/2026\/09\/IMG_20260902_065902-768x576.jpg 768w, https:\/\/www.lyceeretiers.bzh\/wp-content\/uploads\/2026\/09\/IMG_20260902_065902-1536x1152.jpg 1536w, https:\/\/www.lyceeretiers.bzh\/wp-content\/uploads\/2026\/09\/IMG_20260902_065902.jpg 2048w\" sizes=\"(max-width: 300px) 100vw, 300px\" \/> <img loading=\"lazy\" decoding=\"async\" class=\"alignnone size-medium wp-image-5460\" src=\"https:\/\/www.lyceeretiers.bzh\/wp-content\/uploads\/2026\/09\/IMG_20260902_065849-300x225.jpg\" alt=\"\" width=\"300\" height=\"225\" srcset=\"https:\/\/www.lyceeretiers.bzh\/wp-content\/uploads\/2026\/09\/IMG_20260902_065849-300x225.jpg 300w, https:\/\/www.lyceeretiers.bzh\/wp-content\/uploads\/2026\/09\/IMG_20260902_065849-1024x768.jpg 1024w, https:\/\/www.lyceeretiers.bzh\/wp-content\/uploads\/2026\/09\/IMG_20260902_065849-768x576.jpg 768w, https:\/\/www.lyceeretiers.bzh\/wp-content\/uploads\/2026\/09\/IMG_20260902_065849-1536x1152.jpg 1536w, https:\/\/www.lyceeretiers.bzh\/wp-content\/uploads\/2026\/09\/IMG_20260902_065849.jpg 2048w\" sizes=\"(max-width: 300px) 100vw, 300px\" \/> <img loading=\"lazy\" decoding=\"async\" class=\"alignnone size-medium wp-image-5461\" src=\"https:\/\/www.lyceeretiers.bzh\/wp-content\/uploads\/2026\/09\/IMG_20260902_065839-300x225.jpg\" alt=\"\" width=\"300\" height=\"225\" srcset=\"https:\/\/www.lyceeretiers.bzh\/wp-content\/uploads\/2026\/09\/IMG_20260902_065839-300x225.jpg 300w, https:\/\/www.lyceeretiers.bzh\/wp-content\/uploads\/2026\/09\/IMG_20260902_065839-1024x768.jpg 1024w, https:\/\/www.lyceeretiers.bzh\/wp-content\/uploads\/2026\/09\/IMG_20260902_065839-768x576.jpg 768w, https:\/\/www.lyceeretiers.bzh\/wp-content\/uploads\/2026\/09\/IMG_20260902_065839-1536x1152.jpg 1536w, https:\/\/www.lyceeretiers.bzh\/wp-content\/uploads\/2026\/09\/IMG_20260902_065839.jpg 2048w\" sizes=\"(max-width: 300px) 100vw, 300px\" \/> <img loading=\"lazy\" decoding=\"async\" class=\"alignnone size-medium wp-image-5462\" src=\"https:\/\/www.lyceeretiers.bzh\/wp-content\/uploads\/2026\/09\/IMG_20260902_065832-300x225.jpg\" alt=\"\" width=\"300\" height=\"225\" srcset=\"https:\/\/www.lyceeretiers.bzh\/wp-content\/uploads\/2026\/09\/IMG_20260902_065832-300x225.jpg 300w, https:\/\/www.lyceeretiers.bzh\/wp-content\/uploads\/2026\/09\/IMG_20260902_065832-1024x768.jpg 1024w, https:\/\/www.lyceeretiers.bzh\/wp-content\/uploads\/2026\/09\/IMG_20260902_065832-768x576.jpg 768w, https:\/\/www.lyceeretiers.bzh\/wp-content\/uploads\/2026\/09\/IMG_20260902_065832-1536x1152.jpg 1536w, https:\/\/www.lyceeretiers.bzh\/wp-content\/uploads\/2026\/09\/IMG_20260902_065832.jpg 2048w\" sizes=\"(max-width: 300px) 100vw, 300px\" \/><\/p>\n","protected":false},"excerpt":{"rendered":"<p>C\u2019est la rentr\u00e9e au lyc\u00e9e La Mennais ! Ce mardi 1er septembre, nos 464 \u00e9l\u00e8ves, r\u00e9partis sur les trois niveaux du lyc\u00e9e, ont fait leur rentr\u00e9e \u00e0 La Mennais. Apr\u00e8s l\u2019appel des \u00e9l\u00e8ves dans la cour par M. Th\u00e9ard, adjoint de direction, chacun a rejoint sa classe pour passer la matin\u00e9e avec son professeur principal. [&hellip;]<\/p>\n","protected":false},"author":1,"featured_media":5460,"comment_status":"closed","ping_status":"open","sticky":false,"template":"","format":"standard","meta":{"_jetpack_newsletter_access":"","_jetpack_dont_email_post_to_subs":false,"_jetpack_newsletter_tier_id":0,"_jetpack_memberships_contains_paywalled_content":false,"_jetpack_memberships_contains_paid_content":false,"footnotes":""},"categories":[1],"tags":[],"class_list":["post-5455","post","type-post","status-publish","format-standard","has-post-thumbnail","hentry","category-non-classe"],"jetpack_sharing_enabled":true,"jetpack_featured_media_url":"https:\/\/www.lyceeretiers.bzh\/wp-content\/uploads\/2026\/09\/IMG_20260902_065849.jpg","rttpg_featured_image_url":{"full":["https:\/\/www.lyceeretiers.bzh\/wp-content\/uploads\/2026\/09\/IMG_20260902_065849.jpg",2048,1536,false],"landscape":["https:\/\/www.lyceeretiers.bzh\/wp-content\/uploads\/2026\/09\/IMG_20260902_065849.jpg",2048,1536,false],"portraits":["https:\/\/www.lyceeretiers.bzh\/wp-content\/uploads\/2026\/09\/IMG_20260902_065849.jpg",2048,1536,false],"thumbnail":["https:\/\/www.lyceeretiers.bzh\/wp-content\/uploads\/2026\/09\/IMG_20260902_065849-150x150.jpg",150,150,true],"medium":["https:\/\/www.lyceeretiers.bzh\/wp-content\/uploads\/2026\/09\/IMG_20260902_065849-300x225.jpg",300,225,true],"large":["https:\/\/www.lyceeretiers.bzh\/wp-content\/uploads\/2026\/09\/IMG_20260902_065849-1024x768.jpg",800,600,true],"1536x1536":["https:\/\/www.lyceeretiers.bzh\/wp-content\/uploads\/2026\/09\/IMG_20260902_065849-1536x1152.jpg",1536,1152,true],"2048x2048":["https:\/\/www.lyceeretiers.bzh\/wp-content\/uploads\/2026\/09\/IMG_20260902_065849.jpg",2048,1536,false]},"rttpg_author":{"display_name":"webretiersadmin","author_link":"https:\/\/www.lyceeretiers.bzh\/?author=1"},"rttpg_comment":0,"rttpg_category":"<a href=\"https:\/\/www.lyceeretiers.bzh\/?cat=1\" rel=\"category\">Non class\u00e9<\/a>","rttpg_excerpt":"C\u2019est la rentr\u00e9e au lyc\u00e9e La Mennais ! Ce mardi 1er septembre, nos 464 \u00e9l\u00e8ves, r\u00e9partis sur les trois niveaux du lyc\u00e9e, ont fait leur rentr\u00e9e \u00e0 La Mennais. Apr\u00e8s l\u2019appel des \u00e9l\u00e8ves dans la cour par M. Th\u00e9ard, adjoint de direction, chacun a rejoint sa classe pour passer la matin\u00e9e avec son professeur principal.\u2026","_links":{"self":[{"href":"https:\/\/www.lyceeretiers.bzh\/index.php?rest_route=\/wp\/v2\/posts\/5455","targetHints":{"allow":["GET"]}}],"collection":[{"href":"https:\/\/www.lyceeretiers.bzh\/index.php?rest_route=\/wp\/v2\/posts"}],"about":[{"href":"https:\/\/www.lyceeretiers.bzh\/index.php?rest_route=\/wp\/v2\/types\/post"}],"author":[{"embeddable":true,"href":"https:\/\/www.lyceeretiers.bzh\/index.php?rest_route=\/wp\/v2\/users\/1"}],"replies":[{"embeddable":true,"href":"https:\/\/www.lyceeretiers.bzh\/index.php?rest_route=%2Fwp%2Fv2%2Fcomments&post=5455"}],"version-history":[{"count":1,"href":"https:\/\/www.lyceeretiers.bzh\/index.php?rest_route=\/wp\/v2\/posts\/5455\/revisions"}],"predecessor-version":[{"id":5463,"href":"https:\/\/www.lyceeretiers.bzh\/index.php?rest_route=\/wp\/v2\/posts\/5455\/revisions\/5463"}],"wp:featuredmedia":[{"embeddable":true,"href":"https:\/\/www.lyceeretiers.bzh\/index.php?rest_route=\/wp\/v2\/media\/5460"}],"wp:attachment":[{"href":"https:\/\/www.lyceeretiers.bzh\/index.php?rest_route=%2Fwp%2Fv2%2Fmedia&parent=5455"}],"wp:term":[{"taxonomy":"category","embeddable":true,"href":"https:\/\/www.lyceeretiers.bzh\/index.php?rest_route=%2Fwp%2Fv2%2Fcategories&post=5455"},{"taxonomy":"post_tag","embeddable":true,"href":"https:\/\/www.lyceeretiers.bzh\/index.php?rest_route=%2Fwp%2Fv2%2Ftags&post=5455"}],"curies":[{"name":"wp","href":"https:\/\/api.w.org\/{rel}","templated":true}]}}