{"id":5302,"date":"2025-12-03T12:14:16","date_gmt":"2025-12-03T11:14:16","guid":{"rendered":"https:\/\/www.lyceeretiers.bzh\/?p=5302"},"modified":"2025-12-10T12:17:54","modified_gmt":"2025-12-10T11:17:54","slug":"remise-de-cheque-tous-pour-la-vie","status":"publish","type":"post","link":"https:\/\/www.lyceeretiers.bzh\/?p=5302","title":{"rendered":"Remise de ch\u00e8que \u00ab\u00a0Tous pour la vie!\u00a0\u00bb"},"content":{"rendered":"<p data-start=\"396\" data-end=\"730\">Ce mardi 2 d\u00e9cembre, les membres de la <em data-start=\"424\" data-end=\"447\">commission solidarit\u00e9<\/em> du lyc\u00e9e ont eu la joie de remettre un ch\u00e8que de <strong data-start=\"497\" data-end=\"506\">575 \u20ac<\/strong> \u00e0 l\u2019association <strong data-start=\"523\" data-end=\"543\">Tous pour la Vie<\/strong>, bas\u00e9e \u00e0 Janz\u00e9. Cette somme est le fruit de diverses actions men\u00e9es au sein de l\u2019\u00e9tablissement, dans un esprit de partage et d\u2019attention aux plus fragiles.<\/p>\n<p data-start=\"732\" data-end=\"1029\">L\u2019association <em data-start=\"746\" data-end=\"764\">Tous pour la Vie<\/em> accompagne la recherche contre le cancer. Par cette contribution, notre communaut\u00e9 \u00e9ducative souhaite soutenir concr\u00e8tement leur engagement et t\u00e9moigner de sa proximit\u00e9 avec celles et ceux qui traversent l\u2019\u00e9preuve.<\/p>\n<p data-start=\"1322\" data-end=\"1520\">Un grand merci aux \u00e9l\u00e8ves et aux adultes qui se sont impliqu\u00e9s cette ann\u00e9e dans les actions solidaires.<\/p>\n<p style=\"text-align: center;\" data-start=\"1322\" data-end=\"1520\"><img fetchpriority=\"high\" decoding=\"async\" class=\"alignnone size-medium wp-image-5303\" src=\"https:\/\/www.lyceeretiers.bzh\/wp-content\/uploads\/2025\/12\/Capture-decran-2025-12-10-121730-300x289.jpg\" alt=\"\" width=\"300\" height=\"289\" srcset=\"https:\/\/www.lyceeretiers.bzh\/wp-content\/uploads\/2025\/12\/Capture-decran-2025-12-10-121730-300x289.jpg 300w, https:\/\/www.lyceeretiers.bzh\/wp-content\/uploads\/2025\/12\/Capture-decran-2025-12-10-121730.jpg 522w\" sizes=\"(max-width: 300px) 100vw, 300px\" \/><\/p>\n","protected":false},"excerpt":{"rendered":"<p>Ce mardi 2 d\u00e9cembre, les membres de la commission solidarit\u00e9 du lyc\u00e9e ont eu la joie de remettre un ch\u00e8que de 575 \u20ac \u00e0 l\u2019association Tous pour la Vie, bas\u00e9e \u00e0 Janz\u00e9. Cette somme est le fruit de diverses actions men\u00e9es au sein de l\u2019\u00e9tablissement, dans un esprit de partage et d\u2019attention aux plus fragiles. [&hellip;]<\/p>\n","protected":false},"author":1,"featured_media":5303,"comment_status":"closed","ping_status":"open","sticky":false,"template":"","format":"standard","meta":{"_jetpack_memberships_contains_paid_content":false,"footnotes":""},"categories":[1],"tags":[],"class_list":["post-5302","post","type-post","status-publish","format-standard","has-post-thumbnail","hentry","category-non-classe"],"jetpack_featured_media_url":"https:\/\/www.lyceeretiers.bzh\/wp-content\/uploads\/2025\/12\/Capture-decran-2025-12-10-121730.jpg","jetpack_sharing_enabled":true,"rttpg_featured_image_url":{"full":["https:\/\/www.lyceeretiers.bzh\/wp-content\/uploads\/2025\/12\/Capture-decran-2025-12-10-121730.jpg",522,502,false],"landscape":["https:\/\/www.lyceeretiers.bzh\/wp-content\/uploads\/2025\/12\/Capture-decran-2025-12-10-121730.jpg",522,502,false],"portraits":["https:\/\/www.lyceeretiers.bzh\/wp-content\/uploads\/2025\/12\/Capture-decran-2025-12-10-121730.jpg",522,502,false],"thumbnail":["https:\/\/www.lyceeretiers.bzh\/wp-content\/uploads\/2025\/12\/Capture-decran-2025-12-10-121730-150x150.jpg",150,150,true],"medium":["https:\/\/www.lyceeretiers.bzh\/wp-content\/uploads\/2025\/12\/Capture-decran-2025-12-10-121730-300x289.jpg",300,289,true],"large":["https:\/\/www.lyceeretiers.bzh\/wp-content\/uploads\/2025\/12\/Capture-decran-2025-12-10-121730.jpg",522,502,false],"1536x1536":["https:\/\/www.lyceeretiers.bzh\/wp-content\/uploads\/2025\/12\/Capture-decran-2025-12-10-121730.jpg",522,502,false],"2048x2048":["https:\/\/www.lyceeretiers.bzh\/wp-content\/uploads\/2025\/12\/Capture-decran-2025-12-10-121730.jpg",522,502,false]},"rttpg_author":{"display_name":"webretiersadmin","author_link":"https:\/\/www.lyceeretiers.bzh\/?author=1"},"rttpg_comment":0,"rttpg_category":"<a href=\"https:\/\/www.lyceeretiers.bzh\/?cat=1\" rel=\"category\">Non class\u00e9<\/a>","rttpg_excerpt":"Ce mardi 2 d\u00e9cembre, les membres de la commission solidarit\u00e9 du lyc\u00e9e ont eu la joie de remettre un ch\u00e8que de 575 \u20ac \u00e0 l\u2019association Tous pour la Vie, bas\u00e9e \u00e0 Janz\u00e9. Cette somme est le fruit de diverses actions men\u00e9es au sein de l\u2019\u00e9tablissement, dans un esprit de partage et d\u2019attention aux plus fragiles.\u2026","_links":{"self":[{"href":"https:\/\/www.lyceeretiers.bzh\/index.php?rest_route=\/wp\/v2\/posts\/5302","targetHints":{"allow":["GET"]}}],"collection":[{"href":"https:\/\/www.lyceeretiers.bzh\/index.php?rest_route=\/wp\/v2\/posts"}],"about":[{"href":"https:\/\/www.lyceeretiers.bzh\/index.php?rest_route=\/wp\/v2\/types\/post"}],"author":[{"embeddable":true,"href":"https:\/\/www.lyceeretiers.bzh\/index.php?rest_route=\/wp\/v2\/users\/1"}],"replies":[{"embeddable":true,"href":"https:\/\/www.lyceeretiers.bzh\/index.php?rest_route=%2Fwp%2Fv2%2Fcomments&post=5302"}],"version-history":[{"count":1,"href":"https:\/\/www.lyceeretiers.bzh\/index.php?rest_route=\/wp\/v2\/posts\/5302\/revisions"}],"predecessor-version":[{"id":5304,"href":"https:\/\/www.lyceeretiers.bzh\/index.php?rest_route=\/wp\/v2\/posts\/5302\/revisions\/5304"}],"wp:featuredmedia":[{"embeddable":true,"href":"https:\/\/www.lyceeretiers.bzh\/index.php?rest_route=\/wp\/v2\/media\/5303"}],"wp:attachment":[{"href":"https:\/\/www.lyceeretiers.bzh\/index.php?rest_route=%2Fwp%2Fv2%2Fmedia&parent=5302"}],"wp:term":[{"taxonomy":"category","embeddable":true,"href":"https:\/\/www.lyceeretiers.bzh\/index.php?rest_route=%2Fwp%2Fv2%2Fcategories&post=5302"},{"taxonomy":"post_tag","embeddable":true,"href":"https:\/\/www.lyceeretiers.bzh\/index.php?rest_route=%2Fwp%2Fv2%2Ftags&post=5302"}],"curies":[{"name":"wp","href":"https:\/\/api.w.org\/{rel}","templated":true}]}}