{"id":5168,"date":"2025-11-10T16:00:41","date_gmt":"2025-11-10T15:00:41","guid":{"rendered":"https:\/\/www.lyceeretiers.bzh\/?p=5168"},"modified":"2025-11-10T16:00:41","modified_gmt":"2025-11-10T15:00:41","slug":"deplacement-nsi-au-musee-des-telecommunications","status":"publish","type":"post","link":"https:\/\/www.lyceeretiers.bzh\/?p=5168","title":{"rendered":"D\u00e9placement NSI au Mus\u00e9e des T\u00e9l\u00e9communications"},"content":{"rendered":"<div><span style=\"color: #0000ff;\">Le lundi 3 novembre, les \u00e9l\u00e8ves de 1\u00e8re en sp\u00e9cialit\u00e9 Num\u00e9rique et Sciences Informatiques de Retiers et de Rennes se sont retrouv\u00e9s pour un d\u00e9placement au Mus\u00e9e des T\u00e9l\u00e9communications \u00e0 Pleumeur-Bodou.<\/span><\/div>\n<div><\/div>\n<div><span style=\"color: #0000ff;\">Au del\u00e0 de l&rsquo;histoire des t\u00e9l\u00e9communications depuis le t\u00e9l\u00e9graphe de Chappe jusqu&rsquo;\u00e0 la 5G ils ont pu d\u00e9couvrir la diversit\u00e9 des applications concr\u00e8tes de leurs apprentissages scolaires jusque dans les techniques de trucage cin\u00e9matographique.<\/span><\/div>\n<div><\/div>\n<div><span style=\"color: #0000ff;\">Nous remercions Messieurs Giard et Louis pour ce beau projet!\u00a0<\/span><\/div>\n<div style=\"text-align: center;\"><img fetchpriority=\"high\" decoding=\"async\" class=\"alignnone size-medium wp-image-5169\" src=\"https:\/\/www.lyceeretiers.bzh\/wp-content\/uploads\/2025\/11\/1000025347-1-300x225.jpg\" alt=\"\" width=\"300\" height=\"225\" srcset=\"https:\/\/www.lyceeretiers.bzh\/wp-content\/uploads\/2025\/11\/1000025347-1-300x225.jpg 300w, https:\/\/www.lyceeretiers.bzh\/wp-content\/uploads\/2025\/11\/1000025347-1-1024x768.jpg 1024w, https:\/\/www.lyceeretiers.bzh\/wp-content\/uploads\/2025\/11\/1000025347-1-768x576.jpg 768w, https:\/\/www.lyceeretiers.bzh\/wp-content\/uploads\/2025\/11\/1000025347-1-1536x1152.jpg 1536w, https:\/\/www.lyceeretiers.bzh\/wp-content\/uploads\/2025\/11\/1000025347-1-2048x1536.jpg 2048w\" sizes=\"(max-width: 300px) 100vw, 300px\" \/><\/div>\n","protected":false},"excerpt":{"rendered":"<p>Le lundi 3 novembre, les \u00e9l\u00e8ves de 1\u00e8re en sp\u00e9cialit\u00e9 Num\u00e9rique et Sciences Informatiques de Retiers et de Rennes se sont retrouv\u00e9s pour un d\u00e9placement au Mus\u00e9e des T\u00e9l\u00e9communications \u00e0 Pleumeur-Bodou. Au del\u00e0 de l&rsquo;histoire des t\u00e9l\u00e9communications depuis le t\u00e9l\u00e9graphe de Chappe jusqu&rsquo;\u00e0 la 5G ils ont pu d\u00e9couvrir la diversit\u00e9 des applications concr\u00e8tes de [&hellip;]<\/p>\n","protected":false},"author":1,"featured_media":5169,"comment_status":"closed","ping_status":"open","sticky":false,"template":"","format":"standard","meta":{"_jetpack_memberships_contains_paid_content":false,"footnotes":""},"categories":[1],"tags":[],"class_list":["post-5168","post","type-post","status-publish","format-standard","has-post-thumbnail","hentry","category-non-classe"],"jetpack_featured_media_url":"https:\/\/www.lyceeretiers.bzh\/wp-content\/uploads\/2025\/11\/1000025347-1-scaled.jpg","jetpack_sharing_enabled":true,"rttpg_featured_image_url":{"full":["https:\/\/www.lyceeretiers.bzh\/wp-content\/uploads\/2025\/11\/1000025347-1-scaled.jpg",2560,1920,false],"landscape":["https:\/\/www.lyceeretiers.bzh\/wp-content\/uploads\/2025\/11\/1000025347-1-scaled.jpg",2560,1920,false],"portraits":["https:\/\/www.lyceeretiers.bzh\/wp-content\/uploads\/2025\/11\/1000025347-1-scaled.jpg",2560,1920,false],"thumbnail":["https:\/\/www.lyceeretiers.bzh\/wp-content\/uploads\/2025\/11\/1000025347-1-150x150.jpg",150,150,true],"medium":["https:\/\/www.lyceeretiers.bzh\/wp-content\/uploads\/2025\/11\/1000025347-1-300x225.jpg",300,225,true],"large":["https:\/\/www.lyceeretiers.bzh\/wp-content\/uploads\/2025\/11\/1000025347-1-1024x768.jpg",800,600,true],"1536x1536":["https:\/\/www.lyceeretiers.bzh\/wp-content\/uploads\/2025\/11\/1000025347-1-1536x1152.jpg",1536,1152,true],"2048x2048":["https:\/\/www.lyceeretiers.bzh\/wp-content\/uploads\/2025\/11\/1000025347-1-2048x1536.jpg",2048,1536,true]},"rttpg_author":{"display_name":"webretiersadmin","author_link":"https:\/\/www.lyceeretiers.bzh\/?author=1"},"rttpg_comment":0,"rttpg_category":"<a href=\"https:\/\/www.lyceeretiers.bzh\/?cat=1\" rel=\"category\">Non class\u00e9<\/a>","rttpg_excerpt":"Le lundi 3 novembre, les \u00e9l\u00e8ves de 1\u00e8re en sp\u00e9cialit\u00e9 Num\u00e9rique et Sciences Informatiques de Retiers et de Rennes se sont retrouv\u00e9s pour un d\u00e9placement au Mus\u00e9e des T\u00e9l\u00e9communications \u00e0 Pleumeur-Bodou. Au del\u00e0 de l&rsquo;histoire des t\u00e9l\u00e9communications depuis le t\u00e9l\u00e9graphe de Chappe jusqu&rsquo;\u00e0 la 5G ils ont pu d\u00e9couvrir la diversit\u00e9 des applications concr\u00e8tes de\u2026","_links":{"self":[{"href":"https:\/\/www.lyceeretiers.bzh\/index.php?rest_route=\/wp\/v2\/posts\/5168","targetHints":{"allow":["GET"]}}],"collection":[{"href":"https:\/\/www.lyceeretiers.bzh\/index.php?rest_route=\/wp\/v2\/posts"}],"about":[{"href":"https:\/\/www.lyceeretiers.bzh\/index.php?rest_route=\/wp\/v2\/types\/post"}],"author":[{"embeddable":true,"href":"https:\/\/www.lyceeretiers.bzh\/index.php?rest_route=\/wp\/v2\/users\/1"}],"replies":[{"embeddable":true,"href":"https:\/\/www.lyceeretiers.bzh\/index.php?rest_route=%2Fwp%2Fv2%2Fcomments&post=5168"}],"version-history":[{"count":1,"href":"https:\/\/www.lyceeretiers.bzh\/index.php?rest_route=\/wp\/v2\/posts\/5168\/revisions"}],"predecessor-version":[{"id":5170,"href":"https:\/\/www.lyceeretiers.bzh\/index.php?rest_route=\/wp\/v2\/posts\/5168\/revisions\/5170"}],"wp:featuredmedia":[{"embeddable":true,"href":"https:\/\/www.lyceeretiers.bzh\/index.php?rest_route=\/wp\/v2\/media\/5169"}],"wp:attachment":[{"href":"https:\/\/www.lyceeretiers.bzh\/index.php?rest_route=%2Fwp%2Fv2%2Fmedia&parent=5168"}],"wp:term":[{"taxonomy":"category","embeddable":true,"href":"https:\/\/www.lyceeretiers.bzh\/index.php?rest_route=%2Fwp%2Fv2%2Fcategories&post=5168"},{"taxonomy":"post_tag","embeddable":true,"href":"https:\/\/www.lyceeretiers.bzh\/index.php?rest_route=%2Fwp%2Fv2%2Ftags&post=5168"}],"curies":[{"name":"wp","href":"https:\/\/api.w.org\/{rel}","templated":true}]}}