{"id":5078,"date":"2025-09-29T21:04:20","date_gmt":"2025-09-29T19:04:20","guid":{"rendered":"https:\/\/www.lyceeretiers.bzh\/?p=5078"},"modified":"2025-09-29T21:04:20","modified_gmt":"2025-09-29T19:04:20","slug":"journee-dintegration-vendredi-19-septembre-2025","status":"publish","type":"post","link":"https:\/\/www.lyceeretiers.bzh\/?p=5078","title":{"rendered":"Journ\u00e9e d&rsquo;int\u00e9gration &#8211; vendredi 19 septembre 2025"},"content":{"rendered":"<p>L&rsquo;ensemble des \u00e9l\u00e8ves du lyc\u00e9e a v\u00e9cu la journ\u00e9e d&rsquo;int\u00e9gration au parc du Choisel de Ch\u00e2teaubriant le vendredi 19 septembre 2025.<\/p>\n<p>Cette belle journ\u00e9e qui est une tradition \u00e0 chaque d\u00e9but d&rsquo;ann\u00e9e scolaire a permis aux \u00e9l\u00e8ves de se rencontrer, d&rsquo;\u00e9changer et cr\u00e9er du lien entre eux et aussi avec l&rsquo;\u00e9quipe du lyc\u00e9e.<\/p>\n<p>Un grand MERCI \u00e0 l&rsquo;\u00e9quipe organisatrice qui nous a permis de vivre cette journ\u00e9e diff\u00e9rente pendant laquelle nos jeunes ont pu se conna\u00eetre en coop\u00e9rant autour d&rsquo;une douzaine activit\u00e9s de coh\u00e9sion!<\/p>\n<p>Voici quelques photos de cette journ\u00e9e :<\/p>\n<p style=\"text-align: center;\"><img fetchpriority=\"high\" decoding=\"async\" class=\"alignnone size-medium wp-image-5079\" src=\"https:\/\/www.lyceeretiers.bzh\/wp-content\/uploads\/2025\/09\/IMG_20250919_093716-300x225.jpg\" alt=\"\" width=\"300\" height=\"225\" srcset=\"https:\/\/www.lyceeretiers.bzh\/wp-content\/uploads\/2025\/09\/IMG_20250919_093716-300x225.jpg 300w, https:\/\/www.lyceeretiers.bzh\/wp-content\/uploads\/2025\/09\/IMG_20250919_093716-1024x768.jpg 1024w, https:\/\/www.lyceeretiers.bzh\/wp-content\/uploads\/2025\/09\/IMG_20250919_093716-768x576.jpg 768w, https:\/\/www.lyceeretiers.bzh\/wp-content\/uploads\/2025\/09\/IMG_20250919_093716-1536x1152.jpg 1536w, https:\/\/www.lyceeretiers.bzh\/wp-content\/uploads\/2025\/09\/IMG_20250919_093716-2048x1536.jpg 2048w\" sizes=\"(max-width: 300px) 100vw, 300px\" \/> <img decoding=\"async\" class=\"alignnone size-medium wp-image-5080\" src=\"https:\/\/www.lyceeretiers.bzh\/wp-content\/uploads\/2025\/09\/IMG_20250919_092214-300x225.jpg\" alt=\"\" width=\"300\" height=\"225\" srcset=\"https:\/\/www.lyceeretiers.bzh\/wp-content\/uploads\/2025\/09\/IMG_20250919_092214-300x225.jpg 300w, https:\/\/www.lyceeretiers.bzh\/wp-content\/uploads\/2025\/09\/IMG_20250919_092214-1024x768.jpg 1024w, https:\/\/www.lyceeretiers.bzh\/wp-content\/uploads\/2025\/09\/IMG_20250919_092214-768x576.jpg 768w, https:\/\/www.lyceeretiers.bzh\/wp-content\/uploads\/2025\/09\/IMG_20250919_092214-1536x1152.jpg 1536w, https:\/\/www.lyceeretiers.bzh\/wp-content\/uploads\/2025\/09\/IMG_20250919_092214-2048x1536.jpg 2048w\" sizes=\"(max-width: 300px) 100vw, 300px\" \/> <img decoding=\"async\" class=\"alignnone size-medium wp-image-5081\" src=\"https:\/\/www.lyceeretiers.bzh\/wp-content\/uploads\/2025\/09\/20250919_142044-225x300.jpg\" alt=\"\" width=\"225\" height=\"300\" srcset=\"https:\/\/www.lyceeretiers.bzh\/wp-content\/uploads\/2025\/09\/20250919_142044-225x300.jpg 225w, https:\/\/www.lyceeretiers.bzh\/wp-content\/uploads\/2025\/09\/20250919_142044-768x1024.jpg 768w, https:\/\/www.lyceeretiers.bzh\/wp-content\/uploads\/2025\/09\/20250919_142044-1152x1536.jpg 1152w, https:\/\/www.lyceeretiers.bzh\/wp-content\/uploads\/2025\/09\/20250919_142044-1536x2048.jpg 1536w, https:\/\/www.lyceeretiers.bzh\/wp-content\/uploads\/2025\/09\/20250919_142044-scaled.jpg 1920w\" sizes=\"(max-width: 225px) 100vw, 225px\" \/> <img loading=\"lazy\" decoding=\"async\" class=\"alignnone size-medium wp-image-5082\" src=\"https:\/\/www.lyceeretiers.bzh\/wp-content\/uploads\/2025\/09\/20250919_100930-300x225.jpg\" alt=\"\" width=\"300\" height=\"225\" srcset=\"https:\/\/www.lyceeretiers.bzh\/wp-content\/uploads\/2025\/09\/20250919_100930-300x225.jpg 300w, https:\/\/www.lyceeretiers.bzh\/wp-content\/uploads\/2025\/09\/20250919_100930-1024x768.jpg 1024w, https:\/\/www.lyceeretiers.bzh\/wp-content\/uploads\/2025\/09\/20250919_100930-768x576.jpg 768w, https:\/\/www.lyceeretiers.bzh\/wp-content\/uploads\/2025\/09\/20250919_100930-1536x1152.jpg 1536w, https:\/\/www.lyceeretiers.bzh\/wp-content\/uploads\/2025\/09\/20250919_100930-2048x1536.jpg 2048w\" sizes=\"(max-width: 300px) 100vw, 300px\" \/> <img loading=\"lazy\" decoding=\"async\" class=\"alignnone size-medium wp-image-5083\" src=\"https:\/\/www.lyceeretiers.bzh\/wp-content\/uploads\/2025\/09\/20250919_100144-300x225.jpg\" alt=\"\" width=\"300\" height=\"225\" srcset=\"https:\/\/www.lyceeretiers.bzh\/wp-content\/uploads\/2025\/09\/20250919_100144-300x225.jpg 300w, https:\/\/www.lyceeretiers.bzh\/wp-content\/uploads\/2025\/09\/20250919_100144-1024x768.jpg 1024w, https:\/\/www.lyceeretiers.bzh\/wp-content\/uploads\/2025\/09\/20250919_100144-768x576.jpg 768w, https:\/\/www.lyceeretiers.bzh\/wp-content\/uploads\/2025\/09\/20250919_100144-1536x1152.jpg 1536w, https:\/\/www.lyceeretiers.bzh\/wp-content\/uploads\/2025\/09\/20250919_100144-2048x1536.jpg 2048w\" sizes=\"(max-width: 300px) 100vw, 300px\" \/> <img loading=\"lazy\" decoding=\"async\" class=\"alignnone size-medium wp-image-5084\" src=\"https:\/\/www.lyceeretiers.bzh\/wp-content\/uploads\/2025\/09\/20250919_094919-300x225.jpg\" alt=\"\" width=\"300\" height=\"225\" srcset=\"https:\/\/www.lyceeretiers.bzh\/wp-content\/uploads\/2025\/09\/20250919_094919-300x225.jpg 300w, https:\/\/www.lyceeretiers.bzh\/wp-content\/uploads\/2025\/09\/20250919_094919-1024x768.jpg 1024w, https:\/\/www.lyceeretiers.bzh\/wp-content\/uploads\/2025\/09\/20250919_094919-768x576.jpg 768w, https:\/\/www.lyceeretiers.bzh\/wp-content\/uploads\/2025\/09\/20250919_094919-1536x1152.jpg 1536w, https:\/\/www.lyceeretiers.bzh\/wp-content\/uploads\/2025\/09\/20250919_094919-2048x1536.jpg 2048w\" sizes=\"(max-width: 300px) 100vw, 300px\" \/><\/p>\n","protected":false},"excerpt":{"rendered":"<p>L&rsquo;ensemble des \u00e9l\u00e8ves du lyc\u00e9e a v\u00e9cu la journ\u00e9e d&rsquo;int\u00e9gration au parc du Choisel de Ch\u00e2teaubriant le vendredi 19 septembre 2025. Cette belle journ\u00e9e qui est une tradition \u00e0 chaque d\u00e9but d&rsquo;ann\u00e9e scolaire a permis aux \u00e9l\u00e8ves de se rencontrer, d&rsquo;\u00e9changer et cr\u00e9er du lien entre eux et aussi avec l&rsquo;\u00e9quipe du lyc\u00e9e. Un grand [&hellip;]<\/p>\n","protected":false},"author":1,"featured_media":5080,"comment_status":"closed","ping_status":"open","sticky":false,"template":"","format":"standard","meta":{"_jetpack_memberships_contains_paid_content":false,"footnotes":""},"categories":[1],"tags":[],"class_list":["post-5078","post","type-post","status-publish","format-standard","has-post-thumbnail","hentry","category-non-classe"],"jetpack_featured_media_url":"https:\/\/www.lyceeretiers.bzh\/wp-content\/uploads\/2025\/09\/IMG_20250919_092214-scaled.jpg","jetpack_sharing_enabled":true,"rttpg_featured_image_url":{"full":["https:\/\/www.lyceeretiers.bzh\/wp-content\/uploads\/2025\/09\/IMG_20250919_092214-scaled.jpg",2560,1920,false],"landscape":["https:\/\/www.lyceeretiers.bzh\/wp-content\/uploads\/2025\/09\/IMG_20250919_092214-scaled.jpg",2560,1920,false],"portraits":["https:\/\/www.lyceeretiers.bzh\/wp-content\/uploads\/2025\/09\/IMG_20250919_092214-scaled.jpg",2560,1920,false],"thumbnail":["https:\/\/www.lyceeretiers.bzh\/wp-content\/uploads\/2025\/09\/IMG_20250919_092214-150x150.jpg",150,150,true],"medium":["https:\/\/www.lyceeretiers.bzh\/wp-content\/uploads\/2025\/09\/IMG_20250919_092214-300x225.jpg",300,225,true],"large":["https:\/\/www.lyceeretiers.bzh\/wp-content\/uploads\/2025\/09\/IMG_20250919_092214-1024x768.jpg",800,600,true],"1536x1536":["https:\/\/www.lyceeretiers.bzh\/wp-content\/uploads\/2025\/09\/IMG_20250919_092214-1536x1152.jpg",1536,1152,true],"2048x2048":["https:\/\/www.lyceeretiers.bzh\/wp-content\/uploads\/2025\/09\/IMG_20250919_092214-2048x1536.jpg",2048,1536,true]},"rttpg_author":{"display_name":"webretiersadmin","author_link":"https:\/\/www.lyceeretiers.bzh\/?author=1"},"rttpg_comment":0,"rttpg_category":"<a href=\"https:\/\/www.lyceeretiers.bzh\/?cat=1\" rel=\"category\">Non class\u00e9<\/a>","rttpg_excerpt":"L&rsquo;ensemble des \u00e9l\u00e8ves du lyc\u00e9e a v\u00e9cu la journ\u00e9e d&rsquo;int\u00e9gration au parc du Choisel de Ch\u00e2teaubriant le vendredi 19 septembre 2025. Cette belle journ\u00e9e qui est une tradition \u00e0 chaque d\u00e9but d&rsquo;ann\u00e9e scolaire a permis aux \u00e9l\u00e8ves de se rencontrer, d&rsquo;\u00e9changer et cr\u00e9er du lien entre eux et aussi avec l&rsquo;\u00e9quipe du lyc\u00e9e. Un grand\u2026","_links":{"self":[{"href":"https:\/\/www.lyceeretiers.bzh\/index.php?rest_route=\/wp\/v2\/posts\/5078","targetHints":{"allow":["GET"]}}],"collection":[{"href":"https:\/\/www.lyceeretiers.bzh\/index.php?rest_route=\/wp\/v2\/posts"}],"about":[{"href":"https:\/\/www.lyceeretiers.bzh\/index.php?rest_route=\/wp\/v2\/types\/post"}],"author":[{"embeddable":true,"href":"https:\/\/www.lyceeretiers.bzh\/index.php?rest_route=\/wp\/v2\/users\/1"}],"replies":[{"embeddable":true,"href":"https:\/\/www.lyceeretiers.bzh\/index.php?rest_route=%2Fwp%2Fv2%2Fcomments&post=5078"}],"version-history":[{"count":1,"href":"https:\/\/www.lyceeretiers.bzh\/index.php?rest_route=\/wp\/v2\/posts\/5078\/revisions"}],"predecessor-version":[{"id":5085,"href":"https:\/\/www.lyceeretiers.bzh\/index.php?rest_route=\/wp\/v2\/posts\/5078\/revisions\/5085"}],"wp:featuredmedia":[{"embeddable":true,"href":"https:\/\/www.lyceeretiers.bzh\/index.php?rest_route=\/wp\/v2\/media\/5080"}],"wp:attachment":[{"href":"https:\/\/www.lyceeretiers.bzh\/index.php?rest_route=%2Fwp%2Fv2%2Fmedia&parent=5078"}],"wp:term":[{"taxonomy":"category","embeddable":true,"href":"https:\/\/www.lyceeretiers.bzh\/index.php?rest_route=%2Fwp%2Fv2%2Fcategories&post=5078"},{"taxonomy":"post_tag","embeddable":true,"href":"https:\/\/www.lyceeretiers.bzh\/index.php?rest_route=%2Fwp%2Fv2%2Ftags&post=5078"}],"curies":[{"name":"wp","href":"https:\/\/api.w.org\/{rel}","templated":true}]}}