{"id":4658,"date":"2024-11-28T14:09:54","date_gmt":"2024-11-28T13:09:54","guid":{"rendered":"https:\/\/www.lyceeretiers.bzh\/?p=4658"},"modified":"2024-11-28T14:09:54","modified_gmt":"2024-11-28T13:09:54","slug":"intervention-pij-lettre-de-motivation-et-cv","status":"publish","type":"post","link":"https:\/\/www.lyceeretiers.bzh\/?p=4658","title":{"rendered":"Intervention PIJ : lettre de motivation et CV"},"content":{"rendered":"<p>Le Point Information Jeunesse de Retiers, via son animatrice Claudine Ibara, accompagne tous nos \u00e9l\u00e8ves de seconde (en demi-groupes) pour travailler autour de deux points : la cr\u00e9ation d&rsquo;un CV et la r\u00e9daction d&rsquo;une lettre de motivation.<\/p>\n<p>Ces deux essentiels permettront \u00e0 nos \u00e9l\u00e8ves de seconde de se pr\u00e9parer \u00e0 postuler pour les stages obligatoires de seconde.<\/p>\n<p>Merci au PIJ et \u00e0 Mme Ibara pour cette collaboration avec le lyc\u00e9e!<\/p>\n<p style=\"text-align: center;\"><img fetchpriority=\"high\" decoding=\"async\" class=\"alignnone  wp-image-4660\" src=\"https:\/\/www.lyceeretiers.bzh\/wp-content\/uploads\/2024\/11\/20241128_135536-300x169.jpg\" alt=\"\" width=\"400\" height=\"225\" srcset=\"https:\/\/www.lyceeretiers.bzh\/wp-content\/uploads\/2024\/11\/20241128_135536-300x169.jpg 300w, https:\/\/www.lyceeretiers.bzh\/wp-content\/uploads\/2024\/11\/20241128_135536-1024x577.jpg 1024w, https:\/\/www.lyceeretiers.bzh\/wp-content\/uploads\/2024\/11\/20241128_135536-768x432.jpg 768w, https:\/\/www.lyceeretiers.bzh\/wp-content\/uploads\/2024\/11\/20241128_135536-1536x865.jpg 1536w, https:\/\/www.lyceeretiers.bzh\/wp-content\/uploads\/2024\/11\/20241128_135536-2048x1153.jpg 2048w\" sizes=\"(max-width: 400px) 100vw, 400px\" \/><\/p>\n","protected":false},"excerpt":{"rendered":"<p>Le Point Information Jeunesse de Retiers, via son animatrice Claudine Ibara, accompagne tous nos \u00e9l\u00e8ves de seconde (en demi-groupes) pour travailler autour de deux points : la cr\u00e9ation d&rsquo;un CV et la r\u00e9daction d&rsquo;une lettre de motivation. Ces deux essentiels permettront \u00e0 nos \u00e9l\u00e8ves de seconde de se pr\u00e9parer \u00e0 postuler pour les stages obligatoires [&hellip;]<\/p>\n","protected":false},"author":1,"featured_media":4660,"comment_status":"closed","ping_status":"open","sticky":false,"template":"","format":"standard","meta":{"_jetpack_memberships_contains_paid_content":false,"footnotes":""},"categories":[1],"tags":[],"class_list":["post-4658","post","type-post","status-publish","format-standard","has-post-thumbnail","hentry","category-non-classe"],"jetpack_featured_media_url":"https:\/\/www.lyceeretiers.bzh\/wp-content\/uploads\/2024\/11\/20241128_135536-scaled.jpg","jetpack_sharing_enabled":true,"rttpg_featured_image_url":{"full":["https:\/\/www.lyceeretiers.bzh\/wp-content\/uploads\/2024\/11\/20241128_135536-scaled.jpg",2560,1441,false],"landscape":["https:\/\/www.lyceeretiers.bzh\/wp-content\/uploads\/2024\/11\/20241128_135536-scaled.jpg",2560,1441,false],"portraits":["https:\/\/www.lyceeretiers.bzh\/wp-content\/uploads\/2024\/11\/20241128_135536-scaled.jpg",2560,1441,false],"thumbnail":["https:\/\/www.lyceeretiers.bzh\/wp-content\/uploads\/2024\/11\/20241128_135536-150x150.jpg",150,150,true],"medium":["https:\/\/www.lyceeretiers.bzh\/wp-content\/uploads\/2024\/11\/20241128_135536-300x169.jpg",300,169,true],"large":["https:\/\/www.lyceeretiers.bzh\/wp-content\/uploads\/2024\/11\/20241128_135536-1024x577.jpg",800,451,true],"1536x1536":["https:\/\/www.lyceeretiers.bzh\/wp-content\/uploads\/2024\/11\/20241128_135536-1536x865.jpg",1536,865,true],"2048x2048":["https:\/\/www.lyceeretiers.bzh\/wp-content\/uploads\/2024\/11\/20241128_135536-2048x1153.jpg",2048,1153,true]},"rttpg_author":{"display_name":"webretiersadmin","author_link":"https:\/\/www.lyceeretiers.bzh\/?author=1"},"rttpg_comment":0,"rttpg_category":"<a href=\"https:\/\/www.lyceeretiers.bzh\/?cat=1\" rel=\"category\">Non class\u00e9<\/a>","rttpg_excerpt":"Le Point Information Jeunesse de Retiers, via son animatrice Claudine Ibara, accompagne tous nos \u00e9l\u00e8ves de seconde (en demi-groupes) pour travailler autour de deux points : la cr\u00e9ation d&rsquo;un CV et la r\u00e9daction d&rsquo;une lettre de motivation. Ces deux essentiels permettront \u00e0 nos \u00e9l\u00e8ves de seconde de se pr\u00e9parer \u00e0 postuler pour les stages obligatoires\u2026","_links":{"self":[{"href":"https:\/\/www.lyceeretiers.bzh\/index.php?rest_route=\/wp\/v2\/posts\/4658","targetHints":{"allow":["GET"]}}],"collection":[{"href":"https:\/\/www.lyceeretiers.bzh\/index.php?rest_route=\/wp\/v2\/posts"}],"about":[{"href":"https:\/\/www.lyceeretiers.bzh\/index.php?rest_route=\/wp\/v2\/types\/post"}],"author":[{"embeddable":true,"href":"https:\/\/www.lyceeretiers.bzh\/index.php?rest_route=\/wp\/v2\/users\/1"}],"replies":[{"embeddable":true,"href":"https:\/\/www.lyceeretiers.bzh\/index.php?rest_route=%2Fwp%2Fv2%2Fcomments&post=4658"}],"version-history":[{"count":2,"href":"https:\/\/www.lyceeretiers.bzh\/index.php?rest_route=\/wp\/v2\/posts\/4658\/revisions"}],"predecessor-version":[{"id":4661,"href":"https:\/\/www.lyceeretiers.bzh\/index.php?rest_route=\/wp\/v2\/posts\/4658\/revisions\/4661"}],"wp:featuredmedia":[{"embeddable":true,"href":"https:\/\/www.lyceeretiers.bzh\/index.php?rest_route=\/wp\/v2\/media\/4660"}],"wp:attachment":[{"href":"https:\/\/www.lyceeretiers.bzh\/index.php?rest_route=%2Fwp%2Fv2%2Fmedia&parent=4658"}],"wp:term":[{"taxonomy":"category","embeddable":true,"href":"https:\/\/www.lyceeretiers.bzh\/index.php?rest_route=%2Fwp%2Fv2%2Fcategories&post=4658"},{"taxonomy":"post_tag","embeddable":true,"href":"https:\/\/www.lyceeretiers.bzh\/index.php?rest_route=%2Fwp%2Fv2%2Ftags&post=4658"}],"curies":[{"name":"wp","href":"https:\/\/api.w.org\/{rel}","templated":true}]}}