{"id":4624,"date":"2024-10-25T10:19:52","date_gmt":"2024-10-25T08:19:52","guid":{"rendered":"https:\/\/www.lyceeretiers.bzh\/?p=4624"},"modified":"2024-10-25T10:19:52","modified_gmt":"2024-10-25T08:19:52","slug":"stage-delocution-en-anglais","status":"publish","type":"post","link":"https:\/\/www.lyceeretiers.bzh\/?p=4624","title":{"rendered":"Stage d&rsquo;\u00e9locution en anglais"},"content":{"rendered":"<p>Le lyc\u00e9e La Mennais, en lien avec l&rsquo;association Living Language, a propos\u00e9 un stage d&rsquo;\u00e9locution en anglais de 30H00 du 21 au 25 octobre 2024.<\/p>\n<p>Ce stage en petit groupe encadr\u00e9 par une assistante irlandaise a permis \u00e0 8 \u00e9l\u00e8ves de faire des activit\u00e9s centr\u00e9es sur l&rsquo;expression orale.<\/p>\n<p style=\"text-align: center;\"><img fetchpriority=\"high\" decoding=\"async\" class=\"alignnone size-medium wp-image-4625\" src=\"https:\/\/www.lyceeretiers.bzh\/wp-content\/uploads\/2024\/10\/20241025_101437-225x300.jpg\" alt=\"\" width=\"225\" height=\"300\" srcset=\"https:\/\/www.lyceeretiers.bzh\/wp-content\/uploads\/2024\/10\/20241025_101437-225x300.jpg 225w, https:\/\/www.lyceeretiers.bzh\/wp-content\/uploads\/2024\/10\/20241025_101437-768x1024.jpg 768w, https:\/\/www.lyceeretiers.bzh\/wp-content\/uploads\/2024\/10\/20241025_101437-1152x1536.jpg 1152w, https:\/\/www.lyceeretiers.bzh\/wp-content\/uploads\/2024\/10\/20241025_101437-1536x2048.jpg 1536w, https:\/\/www.lyceeretiers.bzh\/wp-content\/uploads\/2024\/10\/20241025_101437-scaled.jpg 1920w\" sizes=\"(max-width: 225px) 100vw, 225px\" \/><\/p>\n","protected":false},"excerpt":{"rendered":"<p>Le lyc\u00e9e La Mennais, en lien avec l&rsquo;association Living Language, a propos\u00e9 un stage d&rsquo;\u00e9locution en anglais de 30H00 du 21 au 25 octobre 2024. Ce stage en petit groupe encadr\u00e9 par une assistante irlandaise a permis \u00e0 8 \u00e9l\u00e8ves de faire des activit\u00e9s centr\u00e9es sur l&rsquo;expression orale.<\/p>\n","protected":false},"author":1,"featured_media":4625,"comment_status":"closed","ping_status":"open","sticky":false,"template":"","format":"standard","meta":{"_jetpack_memberships_contains_paid_content":false,"footnotes":""},"categories":[1],"tags":[],"class_list":["post-4624","post","type-post","status-publish","format-standard","has-post-thumbnail","hentry","category-non-classe"],"jetpack_featured_media_url":"https:\/\/www.lyceeretiers.bzh\/wp-content\/uploads\/2024\/10\/20241025_101437-scaled.jpg","jetpack_sharing_enabled":true,"rttpg_featured_image_url":{"full":["https:\/\/www.lyceeretiers.bzh\/wp-content\/uploads\/2024\/10\/20241025_101437-scaled.jpg",1920,2560,false],"landscape":["https:\/\/www.lyceeretiers.bzh\/wp-content\/uploads\/2024\/10\/20241025_101437-scaled.jpg",1920,2560,false],"portraits":["https:\/\/www.lyceeretiers.bzh\/wp-content\/uploads\/2024\/10\/20241025_101437-scaled.jpg",1920,2560,false],"thumbnail":["https:\/\/www.lyceeretiers.bzh\/wp-content\/uploads\/2024\/10\/20241025_101437-150x150.jpg",150,150,true],"medium":["https:\/\/www.lyceeretiers.bzh\/wp-content\/uploads\/2024\/10\/20241025_101437-225x300.jpg",225,300,true],"large":["https:\/\/www.lyceeretiers.bzh\/wp-content\/uploads\/2024\/10\/20241025_101437-768x1024.jpg",768,1024,true],"1536x1536":["https:\/\/www.lyceeretiers.bzh\/wp-content\/uploads\/2024\/10\/20241025_101437-1152x1536.jpg",1152,1536,true],"2048x2048":["https:\/\/www.lyceeretiers.bzh\/wp-content\/uploads\/2024\/10\/20241025_101437-1536x2048.jpg",1536,2048,true]},"rttpg_author":{"display_name":"webretiersadmin","author_link":"https:\/\/www.lyceeretiers.bzh\/?author=1"},"rttpg_comment":0,"rttpg_category":"<a href=\"https:\/\/www.lyceeretiers.bzh\/?cat=1\" rel=\"category\">Non class\u00e9<\/a>","rttpg_excerpt":"Le lyc\u00e9e La Mennais, en lien avec l&rsquo;association Living Language, a propos\u00e9 un stage d&rsquo;\u00e9locution en anglais de 30H00 du 21 au 25 octobre 2024. Ce stage en petit groupe encadr\u00e9 par une assistante irlandaise a permis \u00e0 8 \u00e9l\u00e8ves de faire des activit\u00e9s centr\u00e9es sur l&rsquo;expression orale.","_links":{"self":[{"href":"https:\/\/www.lyceeretiers.bzh\/index.php?rest_route=\/wp\/v2\/posts\/4624","targetHints":{"allow":["GET"]}}],"collection":[{"href":"https:\/\/www.lyceeretiers.bzh\/index.php?rest_route=\/wp\/v2\/posts"}],"about":[{"href":"https:\/\/www.lyceeretiers.bzh\/index.php?rest_route=\/wp\/v2\/types\/post"}],"author":[{"embeddable":true,"href":"https:\/\/www.lyceeretiers.bzh\/index.php?rest_route=\/wp\/v2\/users\/1"}],"replies":[{"embeddable":true,"href":"https:\/\/www.lyceeretiers.bzh\/index.php?rest_route=%2Fwp%2Fv2%2Fcomments&post=4624"}],"version-history":[{"count":1,"href":"https:\/\/www.lyceeretiers.bzh\/index.php?rest_route=\/wp\/v2\/posts\/4624\/revisions"}],"predecessor-version":[{"id":4626,"href":"https:\/\/www.lyceeretiers.bzh\/index.php?rest_route=\/wp\/v2\/posts\/4624\/revisions\/4626"}],"wp:featuredmedia":[{"embeddable":true,"href":"https:\/\/www.lyceeretiers.bzh\/index.php?rest_route=\/wp\/v2\/media\/4625"}],"wp:attachment":[{"href":"https:\/\/www.lyceeretiers.bzh\/index.php?rest_route=%2Fwp%2Fv2%2Fmedia&parent=4624"}],"wp:term":[{"taxonomy":"category","embeddable":true,"href":"https:\/\/www.lyceeretiers.bzh\/index.php?rest_route=%2Fwp%2Fv2%2Fcategories&post=4624"},{"taxonomy":"post_tag","embeddable":true,"href":"https:\/\/www.lyceeretiers.bzh\/index.php?rest_route=%2Fwp%2Fv2%2Ftags&post=4624"}],"curies":[{"name":"wp","href":"https:\/\/api.w.org\/{rel}","templated":true}]}}